{"id":93544,"date":"2025-02-21T16:59:04","date_gmt":"2025-02-21T21:59:04","guid":{"rendered":"https:\/\/funds.palos.ca\/the-stock-market-took-a-breather\/"},"modified":"2025-02-21T16:59:21","modified_gmt":"2025-02-21T21:59:21","slug":"the-stock-market-took-a-breather","status":"publish","type":"post","link":"https:\/\/funds.palos.ca\/fr\/the-stock-market-took-a-breather\/","title":{"rendered":"The Stock Market Took a Breather"},"content":{"rendered":"<p>Although 57.4% of investors, according to the AAII survey, expect that the mere talk of new trade policies may be sufficient to slow growth and increase prices, investors have not yet turned their back on the stock market. The uncertainty about where US trade policy is headed, however, is troublesome. A serious escalation in the Skew index, which measures the tail risk of significant deviations from average returns, has now occurred, perhaps because the cash levels among professional money managers are near 15-year lows. The S&amp;P 500 took a breather last week, declining 1.6%.<\/p>\n<p><em>A Macro Market View by Hubert Marleau\u00a0<\/em><\/p>\n<p><a href=\"https:\/\/funds.palos.ca\/wp-content\/uploads\/2025\/02\/The-Palos-Perspective-February-21-2025.pdf\">Continue Reading in PDF<\/a><\/p>\n<p><span data-teams=\"true\"><i>L&rsquo;infolettre Palos Perspective est un aper\u00e7u hebdomadaire de la situation macro\u00e9conomique disponible uniquement en anglais. Si vous avez des questions sur l&rsquo;infolettre ou des demandes g\u00e9n\u00e9rales sur Palos, veuillez nous contacter \u00e0 <\/i><a id=\"menur7gi\" class=\"fui-Link ___1q1shib f2hkw1w f3rmtva f1ewtqcl fyind8e f1k6fduh f1w7gpdv fk6fouc fjoy568 figsok6 f1s184ao f1mk8lai fnbmjn9 f1o700av f13mvf36 f1cmlufx f9n3di6 f1ids18y f1tx3yz7 f1deo86v f1eh06m1 f1iescvh fhgqx19 f1olyrje f1p93eir f1nev41a f1h8hb77 f1lqvz6u f10aw75t fsle3fq f17ae5zn\" title=\"mailto:info@palos.ca\" href=\"mailto:info@palos.ca\" target=\"_blank\" rel=\"noreferrer noopener\" aria-label=\"Link info@palos.ca\"><i>info@palos.ca<\/i><\/a><\/span><\/p>\n<p>Follow us on: <a href=\"https:\/\/www.linkedin.com\/company\/palos-management-inc.\/\"><strong>LinkedIn<\/strong><\/a><\/p>\n","protected":false},"excerpt":{"rendered":"<p>Although 57.4% of investors, according to the AAII survey, expect that the mere talk of new trade policies may be sufficient to slow growth and increase prices, investors have not yet turned their back on the stock market. The uncertainty about where US trade policy is headed, however, is troublesome. A serious escalation in the &hellip;<\/p>\n<p class=\"read-more\"> <a class=\"\" href=\"https:\/\/funds.palos.ca\/fr\/the-stock-market-took-a-breather\/\"> <span class=\"screen-reader-text\">The Stock Market Took a Breather<\/span> Lire la suite\u00a0\u00bb<\/a><\/p>\n","protected":false},"author":11,"featured_media":93541,"comment_status":"closed","ping_status":"closed","sticky":false,"template":"","format":"standard","meta":[],"categories":[36],"tags":[],"_links":{"self":[{"href":"https:\/\/funds.palos.ca\/fr\/wp-json\/wp\/v2\/posts\/93544"}],"collection":[{"href":"https:\/\/funds.palos.ca\/fr\/wp-json\/wp\/v2\/posts"}],"about":[{"href":"https:\/\/funds.palos.ca\/fr\/wp-json\/wp\/v2\/types\/post"}],"author":[{"embeddable":true,"href":"https:\/\/funds.palos.ca\/fr\/wp-json\/wp\/v2\/users\/11"}],"replies":[{"embeddable":true,"href":"https:\/\/funds.palos.ca\/fr\/wp-json\/wp\/v2\/comments?post=93544"}],"version-history":[{"count":0,"href":"https:\/\/funds.palos.ca\/fr\/wp-json\/wp\/v2\/posts\/93544\/revisions"}],"wp:featuredmedia":[{"embeddable":true,"href":"https:\/\/funds.palos.ca\/fr\/wp-json\/wp\/v2\/media\/93541"}],"wp:attachment":[{"href":"https:\/\/funds.palos.ca\/fr\/wp-json\/wp\/v2\/media?parent=93544"}],"wp:term":[{"taxonomy":"category","embeddable":true,"href":"https:\/\/funds.palos.ca\/fr\/wp-json\/wp\/v2\/categories?post=93544"},{"taxonomy":"post_tag","embeddable":true,"href":"https:\/\/funds.palos.ca\/fr\/wp-json\/wp\/v2\/tags?post=93544"}],"curies":[{"name":"wp","href":"https:\/\/api.w.org\/{rel}","templated":true}]}}