{"id":93948,"date":"2025-05-11T13:38:07","date_gmt":"2025-05-11T17:38:07","guid":{"rendered":"https:\/\/funds.palos.ca\/no-recession-in-sight-yet\/"},"modified":"2025-05-11T13:38:30","modified_gmt":"2025-05-11T17:38:30","slug":"no-recession-in-sight-yet","status":"publish","type":"post","link":"https:\/\/funds.palos.ca\/fr\/no-recession-in-sight-yet\/","title":{"rendered":"No Recession in Sight Yet"},"content":{"rendered":"<p>Last week, I wrote: \u201cThe economic outlook and its residual effect on corporate earnings will be a function of what this Administration will do about trade and taxes over the next 100 days. In this connection, Trump will have to change the narrative on three fronts: roll back trade uncertainties of reciprocal tariffs with acceptable deals; invigorate the economy, which could be on the brink of a recession, through new tax incentives; and assure the financial markets that the Fed will remain independent, but under a different modus operandi.\u00a0\u00bb<\/p>\n<p><em>A Macro Market View by Hubert Marleau\u00a0<\/em><\/p>\n<p><a href=\"https:\/\/funds.palos.ca\/wp-content\/uploads\/2025\/05\/The-Palos-Perspective-May-9-2025.pdf\">Continue Reading in PDF<\/a><\/p>\n<p><span data-teams=\"true\"><i>L&rsquo;infolettre Palos Perspective est un aper\u00e7u hebdomadaire de la situation macro\u00e9conomique disponible uniquement en anglais. Si vous avez des questions sur l&rsquo;infolettre ou des demandes g\u00e9n\u00e9rales sur Palos, veuillez nous contacter \u00e0 <\/i><a id=\"menur7gi\" class=\"fui-Link ___1q1shib f2hkw1w f3rmtva f1ewtqcl fyind8e f1k6fduh f1w7gpdv fk6fouc fjoy568 figsok6 f1s184ao f1mk8lai fnbmjn9 f1o700av f13mvf36 f1cmlufx f9n3di6 f1ids18y f1tx3yz7 f1deo86v f1eh06m1 f1iescvh fhgqx19 f1olyrje f1p93eir f1nev41a f1h8hb77 f1lqvz6u f10aw75t fsle3fq f17ae5zn\" title=\"mailto:info@palos.ca\" href=\"mailto:info@palos.ca\" target=\"_blank\" rel=\"noreferrer noopener\" aria-label=\"Link info@palos.ca\"><i>info@palos.ca<\/i><\/a><\/span><\/p>\n<p>Follow us on: <a href=\"https:\/\/www.linkedin.com\/company\/palos-management-inc.\/\"><strong>LinkedIn<\/strong><\/a><\/p>\n","protected":false},"excerpt":{"rendered":"<p>Last week, I wrote: \u201cThe economic outlook and its residual effect on corporate earnings will be a function of what this Administration will do about trade and taxes over the next 100 days. In this connection, Trump will have to change the narrative on three fronts: roll back trade uncertainties of reciprocal tariffs with acceptable &hellip;<\/p>\n<p class=\"read-more\"> <a class=\"\" href=\"https:\/\/funds.palos.ca\/fr\/no-recession-in-sight-yet\/\"> <span class=\"screen-reader-text\">No Recession in Sight Yet<\/span> Lire la suite\u00a0\u00bb<\/a><\/p>\n","protected":false},"author":11,"featured_media":93945,"comment_status":"closed","ping_status":"closed","sticky":false,"template":"","format":"standard","meta":[],"categories":[36],"tags":[],"_links":{"self":[{"href":"https:\/\/funds.palos.ca\/fr\/wp-json\/wp\/v2\/posts\/93948"}],"collection":[{"href":"https:\/\/funds.palos.ca\/fr\/wp-json\/wp\/v2\/posts"}],"about":[{"href":"https:\/\/funds.palos.ca\/fr\/wp-json\/wp\/v2\/types\/post"}],"author":[{"embeddable":true,"href":"https:\/\/funds.palos.ca\/fr\/wp-json\/wp\/v2\/users\/11"}],"replies":[{"embeddable":true,"href":"https:\/\/funds.palos.ca\/fr\/wp-json\/wp\/v2\/comments?post=93948"}],"version-history":[{"count":0,"href":"https:\/\/funds.palos.ca\/fr\/wp-json\/wp\/v2\/posts\/93948\/revisions"}],"wp:featuredmedia":[{"embeddable":true,"href":"https:\/\/funds.palos.ca\/fr\/wp-json\/wp\/v2\/media\/93945"}],"wp:attachment":[{"href":"https:\/\/funds.palos.ca\/fr\/wp-json\/wp\/v2\/media?parent=93948"}],"wp:term":[{"taxonomy":"category","embeddable":true,"href":"https:\/\/funds.palos.ca\/fr\/wp-json\/wp\/v2\/categories?post=93948"},{"taxonomy":"post_tag","embeddable":true,"href":"https:\/\/funds.palos.ca\/fr\/wp-json\/wp\/v2\/tags?post=93948"}],"curies":[{"name":"wp","href":"https:\/\/api.w.org\/{rel}","templated":true}]}}